{"id":119,"date":"2026-07-26T17:40:00","date_gmt":"2026-07-26T14:40:00","guid":{"rendered":"https:\/\/haberizlegi.com\/index.php\/sirket-aglarini-anlamak-kuresel-tedarik-zincirinde-kim-kime-bagli\/"},"modified":"2026-07-26T17:40:00","modified_gmt":"2026-07-26T14:40:00","slug":"sirket-aglarini-anlamak-kuresel-tedarik-zincirinde-kim-kime-bagli","status":"publish","type":"post","link":"https:\/\/haberizlegi.com\/index.php\/sirket-aglarini-anlamak-kuresel-tedarik-zincirinde-kim-kime-bagli\/","title":{"rendered":"\u015eirket a\u011flar\u0131n\u0131 anlamak: k\u00fcresel tedarik zincirinde kim kime ba\u011fl\u0131?"},"content":{"rendered":"<p>Bir \u015firketi yaln\u0131zca marka ad\u0131yla de\u011ferlendirmek \u00e7o\u011fu zaman yetersizdir. \u00dcretim, lisans, lojistik ve finansman ili\u015fkileri farkl\u0131 \u015firketler ve \u00fclkeler aras\u0131nda da\u011f\u0131lm\u0131\u015f olabilir.<\/p>\n<h2>A\u011f haritas\u0131 neden \u00f6nemli?<\/h2>\n<p>Ana \u015firket, i\u015ftirakler, tedarik\u00e7iler ve alt y\u00fckleniciler aras\u0131ndaki ba\u011flar ekonomik riskin nerede yo\u011funla\u015ft\u0131\u011f\u0131n\u0131 g\u00f6sterebilir. Tek bir kritik tedarik\u00e7inin kesintiye u\u011framas\u0131 \u00e7ok say\u0131da markay\u0131 etkileyebilir.<\/p>\n<h2>Hangi kaynaklar kullan\u0131l\u0131r?<\/h2>\n<p>\u015eirket sicilleri, y\u0131ll\u0131k raporlar, ticaret verileri, g\u00fcmr\u00fck kay\u0131tlar\u0131 ve resmi yapt\u0131r\u0131m listeleri farkl\u0131 par\u00e7alar\u0131 bir araya getirmeye yard\u0131mc\u0131 olabilir. Her belgenin tarihi ve kapsam\u0131 ayr\u0131ca do\u011frulanmal\u0131d\u0131r.<\/p>\n<p>Haber \u0130zle\u011fi, \u015firket a\u011flar\u0131n\u0131 Dosya, G\u00fcndem, T\u00fcrkiye, Ekonomi ve D\u00fcnya ba\u015fl\u0131klar\u0131n\u0131n ortak ara\u015ft\u0131rma alan\u0131 olarak izliyor.<\/p>\n<p><small>G\u00f6rsel: AbsolutVision \/ Unsplash.<\/small><\/p>\n","protected":false},"excerpt":{"rendered":"<p>Bir \u00fcr\u00fcn\u00fcn arkas\u0131ndaki \u015firket ve tedarik ili\u015fkileri farkl\u0131 \u00fclkeler, lojistik merkezler ve alt y\u00fckleniciler \u00fczerinden ilerleyebilir; a\u011f yakla\u015f\u0131m\u0131 ekonomik ve siyasi riski daha g\u00f6r\u00fcn\u00fcr k\u0131lar.<\/p>\n","protected":false},"author":1,"featured_media":51,"comment_status":"closed","ping_status":"closed","sticky":false,"template":"","format":"standard","meta":{"footnotes":""},"categories":[15,5,6,3,4],"tags":[],"class_list":["post-119","post","type-post","status-publish","format-standard","has-post-thumbnail","hentry","category-dosya","category-dunya","category-ekonomi","category-gundem","category-turkiye"],"blocksy_meta":{"styles_descriptor":{"styles":{"desktop":"","tablet":"","mobile":""},"google_fonts":[],"version":7}},"_links":{"self":[{"href":"https:\/\/haberizlegi.com\/index.php\/wp-json\/wp\/v2\/posts\/119","targetHints":{"allow":["GET"]}}],"collection":[{"href":"https:\/\/haberizlegi.com\/index.php\/wp-json\/wp\/v2\/posts"}],"about":[{"href":"https:\/\/haberizlegi.com\/index.php\/wp-json\/wp\/v2\/types\/post"}],"author":[{"embeddable":true,"href":"https:\/\/haberizlegi.com\/index.php\/wp-json\/wp\/v2\/users\/1"}],"replies":[{"embeddable":true,"href":"https:\/\/haberizlegi.com\/index.php\/wp-json\/wp\/v2\/comments?post=119"}],"version-history":[{"count":0,"href":"https:\/\/haberizlegi.com\/index.php\/wp-json\/wp\/v2\/posts\/119\/revisions"}],"wp:featuredmedia":[{"embeddable":true,"href":"https:\/\/haberizlegi.com\/index.php\/wp-json\/wp\/v2\/media\/51"}],"wp:attachment":[{"href":"https:\/\/haberizlegi.com\/index.php\/wp-json\/wp\/v2\/media?parent=119"}],"wp:term":[{"taxonomy":"category","embeddable":true,"href":"https:\/\/haberizlegi.com\/index.php\/wp-json\/wp\/v2\/categories?post=119"},{"taxonomy":"post_tag","embeddable":true,"href":"https:\/\/haberizlegi.com\/index.php\/wp-json\/wp\/v2\/tags?post=119"}],"curies":[{"name":"wp","href":"https:\/\/api.w.org\/{rel}","templated":true}]}}