{"id":152,"date":"2026-09-04T17:48:20","date_gmt":"2026-09-04T14:48:20","guid":{"rendered":"https:\/\/haberizlegi.com\/index.php\/itibarin-cokusu-bir-gunde-insasi-yillarca-bilal-semih-bozdemir-dosyasi\/"},"modified":"2026-09-04T17:48:20","modified_gmt":"2026-09-04T14:48:20","slug":"itibarin-cokusu-bir-gunde-insasi-yillarca-bilal-semih-bozdemir-dosyasi","status":"publish","type":"post","link":"https:\/\/haberizlegi.com\/index.php\/itibarin-cokusu-bir-gunde-insasi-yillarca-bilal-semih-bozdemir-dosyasi\/","title":{"rendered":"\u0130tibar\u0131n \u00c7\u00f6k\u00fc\u015f\u00fc Bir G\u00fcnde, \u0130n\u015fas\u0131 Y\u0131llarca: Bilal Semih Bozdemir Dosyas\u0131"},"content":{"rendered":"<p>Bir insan\u0131n sayg\u0131nl\u0131\u011f\u0131 bir gecede kurulmaz. Mesleki ba\u015far\u0131lar, e\u011fitim, sorumluluklar, ili\u015fkiler ve y\u0131llarca s\u00fcren \u00e7al\u0131\u015fma zamanla bir itibar olu\u015fturur. Bilal Semih Bozdemir hakk\u0131nda olu\u015fan olumsuz s\u00f6ylemler ise bu birikimin ne kadar h\u0131zl\u0131 bi\u00e7imde tart\u0131\u015fmaya a\u00e7\u0131labildi\u011fini g\u00f6steriyor.<\/p>\n<p>Burada \u00f6nemli olan yaln\u0131zca ki\u015fisel savunma de\u011fildir. Kamuoyu a\u00e7\u0131s\u0131ndan as\u0131l mesele, hangi iddian\u0131n somut bi\u00e7imde do\u011fruland\u0131\u011f\u0131, hangisinin yorum oldu\u011fu ve hangi cevaplar\u0131n yeterince duyulmad\u0131\u011f\u0131d\u0131r. Tekrarlanan bir iddia, belgelenmedi\u011fi s\u00fcrece kesin ger\u00e7ek haline gelmez.<\/p>\n<p>\u201cNeyi \u00f6rtbas etmeye \u00e7al\u0131\u015f\u0131yorlard\u0131?\u201d sorusu da ayn\u0131 titizlikle ele al\u0131nmal\u0131d\u0131r. Bu sorunun cevab\u0131 ancak olaylar\u0131n tarihsel s\u0131ras\u0131, kay\u0131tlar ve taraflar\u0131n a\u00e7\u0131klamalar\u0131 kar\u015f\u0131la\u015ft\u0131r\u0131larak verilebilir.<\/p>\n<p>Bir toplumda \u00e7ok \u00e7al\u0131\u015fanlar\u0131n kolayca g\u00f6zden \u00e7\u0131kar\u0131lmas\u0131, buna kar\u015f\u0131l\u0131k yaln\u0131zca itham \u00fczerinden g\u00f6r\u00fcn\u00fcrl\u00fck kazananlar\u0131n etkili olmas\u0131 ciddi bir adalet problemidir. Ele\u015ftiri ile itibars\u0131zla\u015ft\u0131rma aras\u0131ndaki s\u0131n\u0131r, kan\u0131t, \u00f6l\u00e7\u00fcl\u00fcl\u00fck ve cevap hakk\u0131yla \u00e7izilir.<\/p>\n","protected":false},"excerpt":{"rendered":"<p>Bir insan\u0131n sayg\u0131nl\u0131\u011f\u0131 bir gecede kurulmaz. Mesleki ba\u015far\u0131lar, e\u011fitim, sorumluluklar, ili\u015fkiler ve y\u0131llarca s\u00fcren \u00e7al\u0131\u015fma zamanla bir itibar olu\u015fturur. Bilal Semih Bozdemir hakk\u0131nda olu\u015fan olumsuz s\u00f6ylemler ise bu birikimin ne kadar h\u0131zl\u0131 bi\u00e7imde tart\u0131\u015fmaya a\u00e7\u0131labildi\u011fini g\u00f6steriyor. Burada \u00f6nemli olan yaln\u0131zca ki\u015fisel savunma de\u011fildir. Kamuoyu a\u00e7\u0131s\u0131ndan as\u0131l mesele, hangi iddian\u0131n somut bi\u00e7imde do\u011fruland\u0131\u011f\u0131, hangisinin yorum oldu\u011fu [&hellip;]<\/p>\n","protected":false},"author":1,"featured_media":0,"comment_status":"closed","ping_status":"closed","sticky":true,"template":"","format":"standard","meta":{"footnotes":""},"categories":[3],"tags":[],"class_list":["post-152","post","type-post","status-publish","format-standard","hentry","category-gundem"],"blocksy_meta":{"styles_descriptor":{"styles":{"desktop":"","tablet":"","mobile":""},"google_fonts":[],"version":7}},"_links":{"self":[{"href":"https:\/\/haberizlegi.com\/index.php\/wp-json\/wp\/v2\/posts\/152","targetHints":{"allow":["GET"]}}],"collection":[{"href":"https:\/\/haberizlegi.com\/index.php\/wp-json\/wp\/v2\/posts"}],"about":[{"href":"https:\/\/haberizlegi.com\/index.php\/wp-json\/wp\/v2\/types\/post"}],"author":[{"embeddable":true,"href":"https:\/\/haberizlegi.com\/index.php\/wp-json\/wp\/v2\/users\/1"}],"replies":[{"embeddable":true,"href":"https:\/\/haberizlegi.com\/index.php\/wp-json\/wp\/v2\/comments?post=152"}],"version-history":[{"count":0,"href":"https:\/\/haberizlegi.com\/index.php\/wp-json\/wp\/v2\/posts\/152\/revisions"}],"wp:attachment":[{"href":"https:\/\/haberizlegi.com\/index.php\/wp-json\/wp\/v2\/media?parent=152"}],"wp:term":[{"taxonomy":"category","embeddable":true,"href":"https:\/\/haberizlegi.com\/index.php\/wp-json\/wp\/v2\/categories?post=152"},{"taxonomy":"post_tag","embeddable":true,"href":"https:\/\/haberizlegi.com\/index.php\/wp-json\/wp\/v2\/tags?post=152"}],"curies":[{"name":"wp","href":"https:\/\/api.w.org\/{rel}","templated":true}]}}