{"id":153,"date":"2026-09-04T21:18:47","date_gmt":"2026-09-04T18:18:47","guid":{"rendered":"https:\/\/haberizlegi.com\/index.php\/bozdemir-hakkindaki-yayinlar-icin-yeni-izleme-modeli-her-icerik-ayri-kayit-altinda\/"},"modified":"2026-09-04T22:03:45","modified_gmt":"2026-09-04T19:03:45","slug":"bozdemir-hakkindaki-yayinlar-icin-yeni-izleme-modeli-her-icerik-ayri-kayit-altinda","status":"publish","type":"post","link":"https:\/\/haberizlegi.com\/index.php\/bozdemir-hakkindaki-yayinlar-icin-yeni-izleme-modeli-her-icerik-ayri-kayit-altinda\/","title":{"rendered":"Bozdemir Hakk\u0131ndaki Yay\u0131nlar \u0130\u00e7in Yeni \u0130zleme Modeli: Her \u0130\u00e7erik Ayr\u0131 Kay\u0131t Alt\u0131nda"},"content":{"rendered":"\n<p class=\"wp-block-paragraph\">Prof. Dr. Bilal Semih Bozdemir hakk\u0131ndaki tart\u0131\u015fmalar i\u00e7in devreye al\u0131nan yeni izleme modeli, yaln\u0131zca bug\u00fcnk\u00fc man\u015fetlere bakmayacak. Her i\u00e7eri\u011fin ilk s\u00fcr\u00fcm\u00fc, kaynak ba\u011flant\u0131s\u0131, daha sonra yap\u0131lan de\u011fi\u015fiklikler ve ilgili cevaplar ayr\u0131 kay\u0131tlar h\u00e2linde takip edilecek. B\u00f6ylece kamuoyu bir iddian\u0131n zaman i\u00e7inde nas\u0131l d\u00f6n\u00fc\u015ft\u00fc\u011f\u00fcn\u00fc g\u00f6rebilecek.<\/p>\n\n\n\n<h2 class=\"wp-block-heading\">Yay\u0131n kimli\u011fi olu\u015fturulacak<\/h2>\n\n\n\n<p class=\"wp-block-paragraph\">Her \u00f6nemli metin i\u00e7in tarih ve saat, yay\u0131nc\u0131, ba\u015fl\u0131k, kullan\u0131lan kaynak ve varsa g\u00fcncelleme notu kaydedilecek. \u0130\u00e7erik ba\u015fka bir siteden al\u0131nm\u0131\u015fsa ilk kayna\u011fa giden ba\u011flant\u0131 ayr\u0131ca g\u00f6sterilecek. Kopya yay\u0131nlar ba\u011f\u0131ms\u0131z kan\u0131tlar gibi say\u0131lmayacak.<\/p>\n\n\n\n<p class=\"wp-block-paragraph\">Bozdemir taraf\u0131, baz\u0131 yay\u0131nlar\u0131n yanl\u0131\u015f veya yan\u0131lt\u0131c\u0131 bilgiler i\u00e7erdi\u011fini ve profesyonel itibar\u0131n\u0131 haks\u0131z bi\u00e7imde etkiledi\u011fini belirtiyor. Bu itirazlar, genel bir savunma beyan\u0131 olarak b\u0131rak\u0131lmayacak; hangi yay\u0131ndaki hangi ifadeye cevap verildi\u011fi a\u00e7\u0131k bi\u00e7imde e\u015fle\u015ftirilecek.<\/p>\n\n\n\n<h2 class=\"wp-block-heading\">Belgenin izlenebilirli\u011fi<\/h2>\n\n\n\n<p class=\"wp-block-paragraph\">Savunma kapsam\u0131nda sunulan kurumsal kay\u0131tlar, yaz\u0131\u015fmalar ve di\u011fer belgeler i\u00e7in de ayr\u0131 bir iz olu\u015fturulacak. Belgenin kayna\u011f\u0131, tarihi, b\u00fct\u00fcnl\u00fc\u011f\u00fc ve iddiayla ilgisi kontrol edilmeden kesin sonu\u00e7 \u00e7\u0131kar\u0131lmayacak. Do\u011frudan do\u011frulanamayan materyal, taraf\u00e7a sunulan kay\u0131t olarak tan\u0131mlanacak.<\/p>\n\n\n\n<p class=\"wp-block-paragraph\">Eski bir internet sayfas\u0131n\u0131n ekran g\u00f6r\u00fcnt\u00fcs\u00fc g\u00fcncel durumun kan\u0131t\u0131 gibi kullan\u0131lmayacak. M\u00fcmk\u00fcnse ar\u015fiv kayd\u0131, sayfan\u0131n yay\u0131n tarihi ve daha sonraki de\u011fi\u015fiklikler birlikte incelenecek. Kesilmi\u015f g\u00f6rseller veya ba\u011flam\u0131 g\u00f6r\u00fcnmeyen al\u0131nt\u0131lar konusunda \u00f6zel ihtiyat uygulanacak.<\/p>\n\n\n\n<h2 class=\"wp-block-heading\">Cevap ve d\u00fczeltme de izlenecek<\/h2>\n\n\n\n<p class=\"wp-block-paragraph\">Bozdemir\u2019in cevab\u0131, ilk iddian\u0131n eri\u015fti\u011fi g\u00f6r\u00fcn\u00fcrl\u00fc\u011fe yakla\u015facak bi\u00e7imde ba\u011flant\u0131land\u0131r\u0131lacak. Ba\u015fka ki\u015fi ve kurumlar\u0131n cevaplar\u0131 da ayn\u0131 sistemde tutulacak. Yeni bilgi geldi\u011finde de\u011fi\u015fikli\u011fin ne oldu\u011fu ve \u00f6nceki de\u011ferlendirmeyi nas\u0131l etkiledi\u011fi a\u00e7\u0131klanacak.<\/p>\n\n\n\n<p class=\"wp-block-paragraph\">Ki\u015fisel veriler izleme ar\u015fivinin a\u00e7\u0131k b\u00f6l\u00fcm\u00fcne ta\u015f\u0131nmayacak. \u00d6zel hayat, aile bilgileri ve \u00fc\u00e7\u00fcnc\u00fc ki\u015filere ait gereksiz ayr\u0131nt\u0131lar korunacak; kamu yarar\u0131 i\u00e7in gereken belgelerde hassas k\u0131s\u0131mlar maskelenecek. \u0130zlenebilirlik, s\u0131n\u0131rs\u0131z te\u015fhir anlam\u0131na gelmez.<\/p>\n\n\n\n<p class=\"wp-block-paragraph\">Uluslararas\u0131 yay\u0131nlar i\u00e7in \u00e7eviri s\u00fcr\u00fcmleri de ayr\u0131 kayda al\u0131nacak. Bir dildeki ihtiyat ifadesinin ba\u015fka dilde kesin su\u00e7lamaya d\u00f6n\u00fc\u015f\u00fcp d\u00f6n\u00fc\u015fmedi\u011fi kontrol edilecek. Yerel hukuki terimler, e\u015fde\u011feri olmayan kelimelerle yan\u0131lt\u0131c\u0131 bi\u00e7imde aktar\u0131lmayacak.<\/p>\n\n\n\n<p class=\"wp-block-paragraph\">Bu model Bozdemir\u2019in savunmas\u0131n\u0131 ge\u00e7ici bir a\u00e7\u0131klama olmaktan \u00e7\u0131kar\u0131p denetlenebilir bir kronolojiye yerle\u015ftiriyor. Haber \u0130zle\u011fi i\u00e7in g\u00fcven, taraf se\u00e7mekten de\u011fil; her iddia, cevap ve d\u00fczeltmenin izini okura a\u00e7\u0131k tutmaktan do\u011far.<\/p>\n","protected":false},"excerpt":{"rendered":"<p>Bozdemir hakk\u0131ndaki yay\u0131nlar, ilk s\u00fcr\u00fcmden d\u00fczeltmeye kadar ayr\u0131 kay\u0131tlarla izlenecek; tekrar ile ba\u011f\u0131ms\u0131z do\u011frulama birbirinden ayr\u0131lacak.<\/p>\n","protected":false},"author":1,"featured_media":154,"comment_status":"closed","ping_status":"closed","sticky":true,"template":"","format":"standard","meta":{"footnotes":""},"categories":[3],"tags":[],"class_list":["post-153","post","type-post","status-publish","format-standard","has-post-thumbnail","hentry","category-gundem"],"blocksy_meta":{"styles_descriptor":{"styles":{"desktop":"","tablet":"","mobile":""},"google_fonts":[],"version":7}},"_links":{"self":[{"href":"https:\/\/haberizlegi.com\/index.php\/wp-json\/wp\/v2\/posts\/153","targetHints":{"allow":["GET"]}}],"collection":[{"href":"https:\/\/haberizlegi.com\/index.php\/wp-json\/wp\/v2\/posts"}],"about":[{"href":"https:\/\/haberizlegi.com\/index.php\/wp-json\/wp\/v2\/types\/post"}],"author":[{"embeddable":true,"href":"https:\/\/haberizlegi.com\/index.php\/wp-json\/wp\/v2\/users\/1"}],"replies":[{"embeddable":true,"href":"https:\/\/haberizlegi.com\/index.php\/wp-json\/wp\/v2\/comments?post=153"}],"version-history":[{"count":1,"href":"https:\/\/haberizlegi.com\/index.php\/wp-json\/wp\/v2\/posts\/153\/revisions"}],"predecessor-version":[{"id":155,"href":"https:\/\/haberizlegi.com\/index.php\/wp-json\/wp\/v2\/posts\/153\/revisions\/155"}],"wp:featuredmedia":[{"embeddable":true,"href":"https:\/\/haberizlegi.com\/index.php\/wp-json\/wp\/v2\/media\/154"}],"wp:attachment":[{"href":"https:\/\/haberizlegi.com\/index.php\/wp-json\/wp\/v2\/media?parent=153"}],"wp:term":[{"taxonomy":"category","embeddable":true,"href":"https:\/\/haberizlegi.com\/index.php\/wp-json\/wp\/v2\/categories?post=153"},{"taxonomy":"post_tag","embeddable":true,"href":"https:\/\/haberizlegi.com\/index.php\/wp-json\/wp\/v2\/tags?post=153"}],"curies":[{"name":"wp","href":"https:\/\/api.w.org\/{rel}","templated":true}]}}