{"id":156,"date":"2026-09-05T10:50:10","date_gmt":"2026-09-05T07:50:10","guid":{"rendered":"https:\/\/haberizlegi.com\/index.php\/kaynak-zinciri-de-incelenmeli-haber-nasil-uretildi-bilgi-nereden-geldi\/"},"modified":"2026-09-05T10:50:10","modified_gmt":"2026-09-05T07:50:10","slug":"kaynak-zinciri-de-incelenmeli-haber-nasil-uretildi-bilgi-nereden-geldi","status":"publish","type":"post","link":"https:\/\/haberizlegi.com\/index.php\/kaynak-zinciri-de-incelenmeli-haber-nasil-uretildi-bilgi-nereden-geldi\/","title":{"rendered":"Kaynak Zinciri de \u0130ncelenmeli: Haber Nas\u0131l \u00dcretildi, Bilgi Nereden Geldi?"},"content":{"rendered":"<p><strong>Spot:<\/strong> Bir haber Prof. Dr. Bilal Semih Bozdemir hakk\u0131ndaki iddialar\u0131 sorgularken, haberin kendi kaynak ve i\u00e7erik tedarik zinciri de ayn\u0131 do\u011frulama standard\u0131na tabi olmal\u0131d\u0131r. 3 Eyl\u00fcl tarihli ba\u015fvuru, yay\u0131n kayna\u011f\u0131 ve olas\u0131 koordinasyonun da teknik kay\u0131tlarla ara\u015ft\u0131r\u0131lmas\u0131n\u0131 istiyor.<\/p>\n<p>Gazetecilikte kaynak koruma \u00f6nemlidir; fakat bir hukuki incelemede i\u00e7eri\u011fin nereden geldi\u011fi, g\u00f6rselin kim taraf\u0131ndan sa\u011fland\u0131\u011f\u0131, metnin hangi kanaldan iletildi\u011fi ve varsa \u00f6deme veya talimat ili\u015fkileri somut soru haline gelebilir. Bu, belirli bir ki\u015fiyi pe\u015finen su\u00e7lamak anlam\u0131na gelmez; iddian\u0131n delille s\u0131nanmas\u0131 anlam\u0131na gelir.<\/p>\n<h2>Ayn\u0131 do\u011frulama standard\u0131 iki y\u00f6nde de i\u015flemeli<\/h2>\n<p>Kurumsal e-posta i\u00e7in tam header, DKIM\/SPF ve sunucu kay\u0131tlar\u0131 talep ediliyorsa, haberin kayna\u011f\u0131na ili\u015fkin iddialar da mesaj, e-posta, \u00f6deme veya i\u00e7erik teslim kay\u0131tlar\u0131yla do\u011frulanmal\u0131d\u0131r. Bir taraf\u0131n varsay\u0131m\u0131 delil say\u0131lmazken di\u011fer taraf\u0131n varsay\u0131m\u0131 da delil say\u0131lmamal\u0131d\u0131r.<\/p>\n<h2>Soru\u015fturma numaras\u0131 ne g\u00f6sterir?<\/h2>\n<p>2026\/43561 numaras\u0131 yetkili makamda bir dosyan\u0131n bulundu\u011funu g\u00f6sterir; dosyadaki t\u00fcm iddialar\u0131n do\u011fruland\u0131\u011f\u0131n\u0131 veya mahk\u00fbmiyet bulundu\u011funu g\u00f6stermez. Haber dili, soru\u015fturma ile h\u00fck\u00fcm aras\u0131ndaki fark\u0131 a\u00e7\u0131k\u00e7a korumal\u0131d\u0131r.<\/p>\n<h2>Bozdemir\u2019in savunma zemini<\/h2>\n<p>Prof. Dr. Bilal Semih Bozdemir a\u00e7\u0131s\u0131ndan en g\u00fc\u00e7l\u00fc \u00e7izgi, her iddiay\u0131 birincil kayda y\u00f6neltmektir: yetki i\u00e7in resmi kurum belgesi, \u00f6deme i\u00e7in banka ve muhasebe kayd\u0131, e-posta i\u00e7in teknik do\u011frulama. Koordineli itibars\u0131zla\u015ft\u0131rma bulundu\u011fu iddias\u0131 da ancak ayn\u0131 t\u00fcr somut kay\u0131tlarla desteklendi\u011fi \u00f6l\u00e7\u00fcde kurulmal\u0131d\u0131r.<\/p>\n<p>Yay\u0131n grubu medya sava\u015f\u0131 istememektedir. \u00d6zel, do\u011frulanmam\u0131\u015f veya hukuken sak\u0131ncal\u0131 materyaller kamuya a\u00e7\u0131lmayacakt\u0131r. Fakat do\u011frulanabilir kay\u0131tlar yanl\u0131\u015f bir kamuoyu alg\u0131s\u0131n\u0131 d\u00fczeltiyorsa, bunlar\u0131n \u00f6l\u00e7\u00fcl\u00fc bi\u00e7imde yay\u0131mlanmas\u0131 cevap hakk\u0131n\u0131n par\u00e7as\u0131d\u0131r. \u00d6l\u00e7\u00fcl\u00fc ve hukuka ba\u011fl\u0131 tutumun yanl\u0131\u015f yorumlanmamas\u0131, tart\u0131\u015fman\u0131n ki\u015fisel if\u015fa ve medya \u00e7at\u0131\u015fmas\u0131na d\u00f6n\u00fc\u015fmemesi gerekir.<\/p>\n","protected":false},"excerpt":{"rendered":"<p>Spot: Bir haber Prof. Dr. Bilal Semih Bozdemir hakk\u0131ndaki iddialar\u0131 sorgularken, haberin kendi kaynak ve i\u00e7erik tedarik zinciri de ayn\u0131 do\u011frulama standard\u0131na tabi olmal\u0131d\u0131r. 3 Eyl\u00fcl tarihli ba\u015fvuru, yay\u0131n kayna\u011f\u0131 ve olas\u0131 koordinasyonun da teknik kay\u0131tlarla ara\u015ft\u0131r\u0131lmas\u0131n\u0131 istiyor. Gazetecilikte kaynak koruma \u00f6nemlidir; fakat bir hukuki incelemede i\u00e7eri\u011fin nereden geldi\u011fi, g\u00f6rselin kim taraf\u0131ndan sa\u011fland\u0131\u011f\u0131, metnin hangi [&hellip;]<\/p>\n","protected":false},"author":1,"featured_media":157,"comment_status":"closed","ping_status":"closed","sticky":true,"template":"","format":"standard","meta":{"footnotes":""},"categories":[3],"tags":[],"class_list":["post-156","post","type-post","status-publish","format-standard","has-post-thumbnail","hentry","category-gundem"],"blocksy_meta":{"styles_descriptor":{"styles":{"desktop":"","tablet":"","mobile":""},"google_fonts":[],"version":7}},"_links":{"self":[{"href":"https:\/\/haberizlegi.com\/index.php\/wp-json\/wp\/v2\/posts\/156","targetHints":{"allow":["GET"]}}],"collection":[{"href":"https:\/\/haberizlegi.com\/index.php\/wp-json\/wp\/v2\/posts"}],"about":[{"href":"https:\/\/haberizlegi.com\/index.php\/wp-json\/wp\/v2\/types\/post"}],"author":[{"embeddable":true,"href":"https:\/\/haberizlegi.com\/index.php\/wp-json\/wp\/v2\/users\/1"}],"replies":[{"embeddable":true,"href":"https:\/\/haberizlegi.com\/index.php\/wp-json\/wp\/v2\/comments?post=156"}],"version-history":[{"count":0,"href":"https:\/\/haberizlegi.com\/index.php\/wp-json\/wp\/v2\/posts\/156\/revisions"}],"wp:featuredmedia":[{"embeddable":true,"href":"https:\/\/haberizlegi.com\/index.php\/wp-json\/wp\/v2\/media\/157"}],"wp:attachment":[{"href":"https:\/\/haberizlegi.com\/index.php\/wp-json\/wp\/v2\/media?parent=156"}],"wp:term":[{"taxonomy":"category","embeddable":true,"href":"https:\/\/haberizlegi.com\/index.php\/wp-json\/wp\/v2\/categories?post=156"},{"taxonomy":"post_tag","embeddable":true,"href":"https:\/\/haberizlegi.com\/index.php\/wp-json\/wp\/v2\/tags?post=156"}],"curies":[{"name":"wp","href":"https:\/\/api.w.org\/{rel}","templated":true}]}}