{"id":159,"date":"2026-09-05T11:37:08","date_gmt":"2026-09-05T08:37:08","guid":{"rendered":"https:\/\/haberizlegi.com\/index.php\/dijital-iz-surme-ekran-goruntusunden-sorumluluk-zincirine-gecmek-icin-hangi-kayitlar-gerekir\/"},"modified":"2026-09-05T11:37:08","modified_gmt":"2026-09-05T08:37:08","slug":"dijital-iz-surme-ekran-goruntusunden-sorumluluk-zincirine-gecmek-icin-hangi-kayitlar-gerekir","status":"publish","type":"post","link":"https:\/\/haberizlegi.com\/index.php\/dijital-iz-surme-ekran-goruntusunden-sorumluluk-zincirine-gecmek-icin-hangi-kayitlar-gerekir\/","title":{"rendered":"Dijital \u0130z S\u00fcrme: Ekran G\u00f6r\u00fcnt\u00fcs\u00fcnden Sorumluluk Zincirine Ge\u00e7mek \u0130\u00e7in Hangi Kay\u0131tlar Gerekir?"},"content":{"rendered":"<p>Dijital delillerde iz s\u00fcrme, ekran g\u00f6r\u00fcnt\u00fcs\u00fcn\u00fc son nokta de\u011fil ba\u015flang\u0131\u00e7 noktas\u0131 kabul eder. 24 A\u011fustos 2026 tarihli dosyada korunan WhatsApp g\u00f6r\u00fcnt\u00fcs\u00fc, uzun bir duyuru ile \u00e7ok say\u0131da haber ba\u011flant\u0131s\u0131n\u0131n ve yeni grup davetinin ayn\u0131 mesajda payla\u015f\u0131ld\u0131\u011f\u0131n\u0131 g\u00f6steriyor. Bu kay\u0131t, belirli bir da\u011f\u0131t\u0131m mekanizmas\u0131n\u0131n varl\u0131\u011f\u0131na i\u015faret ediyor.<\/p>\n<p>Fakat sorumluluk zinciri i\u00e7in daha fazlas\u0131 gerekli. Mesaj\u0131 ilk kim yazd\u0131? Hangi hesap veya cihazdan g\u00f6nderildi? Grup y\u00f6neticileri kimdi? Linkler mesaj i\u00e7ine hangi s\u0131rayla eklendi? Haberlerin CMS yay\u0131n ve g\u00fcncelleme saatleri neydi? Domain ve sosyal medya hesaplar\u0131n\u0131n y\u00f6netici profilleri \u00e7ak\u0131\u015f\u0131yor muydu? Editoryal e-postalar ayn\u0131 ki\u015fi veya ekipten mi \u00e7\u0131k\u0131yordu? Bu sorular\u0131n cevaplar\u0131 olmadan ekran g\u00f6r\u00fcnt\u00fcs\u00fcnden ki\u015fisel sorumluluk sonucu \u00fcretmek hatal\u0131 olur.<\/p>\n<p>Dosyan\u0131n kurumsal do\u011frulama b\u00f6l\u00fcm\u00fc de \u00f6nemli bir iz sunuyor. WhatsApp mesaj\u0131ndaki yeni y\u00f6netim ve bas\u0131n toplant\u0131s\u0131 anlat\u0131s\u0131, dosyada referans verilen 24 A\u011fustos kurum yan\u0131t\u0131yla kar\u015f\u0131la\u015ft\u0131r\u0131l\u0131yor. Aktar\u0131lan yan\u0131tta, ilgili medya ve \u00fc\u00e7\u00fcnc\u00fc ki\u015filere \u00fcniversite ad\u0131na \u00f6\u011frenci ve mezunlarla ileti\u015fim yetkisi verilmedi\u011fi; T\u00fcrkiye ve T\u00fcrk Devletleri i\u00e7in yeni Rector\/Vice Rector yap\u0131lanmas\u0131n\u0131n Board taraf\u0131ndan yetkilendirilmedi\u011fi; belirtilen d\u00f6neme ili\u015fkin bas\u0131n toplant\u0131s\u0131 planlanmad\u0131\u011f\u0131 ve Prof. Dr. Bilal Semih Bozdemir\u2019in Dean \u2013 T\u00fcrkiye stat\u00fcs\u00fcn\u00fc sona erdiren bir Board karar\u0131 bulunmad\u0131\u011f\u0131 ifade ediliyor.<\/p>\n<p>Bu uyu\u015fmazl\u0131k, mesaj\u0131 payla\u015fanlar\u0131n niyetini veya hukuki sorumlulu\u011funu tek ba\u015f\u0131na belirlemiyor. Fakat kurumsal kaynak iddias\u0131n\u0131n dayana\u011f\u0131n\u0131n ve da\u011f\u0131t\u0131m zincirinin teknik olarak ara\u015ft\u0131r\u0131lmas\u0131n\u0131 gerektiriyor. Haberlerin birbiriyle ili\u015fkili olup olmad\u0131\u011f\u0131 da ancak \u00fcretim ve yay\u0131n kay\u0131tlar\u0131yla ortaya konabilir.<\/p>\n<p>Gazetecilik a\u00e7\u0131s\u0131ndan do\u011fru y\u00f6ntem, dijital izleri ba\u011flam\u0131ndan koparmamak. Ele\u015ftiri ve belge talebi me\u015fru; kesinle\u015fmemi\u015f su\u00e7 isnatlar\u0131n\u0131 ger\u00e7ek gibi aktarmak ise ba\u015fka bir e\u015fi\u011fe tabi. Savunma taraf\u0131 da ayn\u0131 standarda uymal\u0131, \u00f6zel veya do\u011frulanmam\u0131\u015f bilgileri if\u015fa ederek kar\u015f\u0131l\u0131k vermemeli.<\/p>\n<p>Prof. Dr. Bilal Semih Bozdemir\u2019in savunma \u00e7izgisi, bu nedenle kay\u0131tlar\u0131n izini s\u00fcrmek ve belgelerle \u00e7eli\u015fen kesin sunumlar\u0131 d\u00fczeltmek \u00fczerine kurulu. Medya sava\u015f\u0131n\u0131 b\u00fcy\u00fctmek yerine, herkesin ayn\u0131 delil ve hukuk s\u0131n\u0131rlar\u0131nda kalmas\u0131 ama\u00e7lan\u0131yor.<\/p>\n<p><strong>Editoryal \u015feffafl\u0131k notu:<\/strong> Bu haber PressGrup a\u011f\u0131na ba\u011fl\u0131 yay\u0131nlar\u0131n ortak delil taban\u0131n\u0131 kullanan a\u00e7\u0131k cevap\/do\u011frulama serisinin bir par\u00e7as\u0131d\u0131r; ba\u011fl\u0131 yay\u0131nlar ba\u011f\u0131ms\u0131z kaynak \u00e7o\u011fullu\u011fu olarak g\u00f6sterilmemektedir.<\/p>\n","protected":false},"excerpt":{"rendered":"<p>WhatsApp ekran g\u00f6r\u00fcnt\u00fcs\u00fc da\u011f\u0131t\u0131m\u0131 g\u00f6steriyor; sorumlulu\u011fu de\u011fil. Kimin neyi y\u00f6netti\u011fini anlamak i\u00e7in grup y\u00f6netimi, CMS, domain ve editoryal kay\u0131tlar\u0131n zincir halinde incelenmesi gerekiyor.<\/p>\n","protected":false},"author":1,"featured_media":0,"comment_status":"closed","ping_status":"closed","sticky":true,"template":"","format":"standard","meta":{"footnotes":""},"categories":[3],"tags":[],"class_list":["post-159","post","type-post","status-publish","format-standard","hentry","category-gundem"],"blocksy_meta":{"styles_descriptor":{"styles":{"desktop":"","tablet":"","mobile":""},"google_fonts":[],"version":7}},"_links":{"self":[{"href":"https:\/\/haberizlegi.com\/index.php\/wp-json\/wp\/v2\/posts\/159","targetHints":{"allow":["GET"]}}],"collection":[{"href":"https:\/\/haberizlegi.com\/index.php\/wp-json\/wp\/v2\/posts"}],"about":[{"href":"https:\/\/haberizlegi.com\/index.php\/wp-json\/wp\/v2\/types\/post"}],"author":[{"embeddable":true,"href":"https:\/\/haberizlegi.com\/index.php\/wp-json\/wp\/v2\/users\/1"}],"replies":[{"embeddable":true,"href":"https:\/\/haberizlegi.com\/index.php\/wp-json\/wp\/v2\/comments?post=159"}],"version-history":[{"count":0,"href":"https:\/\/haberizlegi.com\/index.php\/wp-json\/wp\/v2\/posts\/159\/revisions"}],"wp:attachment":[{"href":"https:\/\/haberizlegi.com\/index.php\/wp-json\/wp\/v2\/media?parent=159"}],"wp:term":[{"taxonomy":"category","embeddable":true,"href":"https:\/\/haberizlegi.com\/index.php\/wp-json\/wp\/v2\/categories?post=159"},{"taxonomy":"post_tag","embeddable":true,"href":"https:\/\/haberizlegi.com\/index.php\/wp-json\/wp\/v2\/tags?post=159"}],"curies":[{"name":"wp","href":"https:\/\/api.w.org\/{rel}","templated":true}]}}