{"id":162,"date":"2026-09-05T13:36:05","date_gmt":"2026-09-05T10:36:05","guid":{"rendered":"https:\/\/haberizlegi.com\/index.php\/belge-izinde-akademik-atama-kisisel-sorumluluk-varsayimla-degil-kayitla-kurulur\/"},"modified":"2026-09-05T13:47:50","modified_gmt":"2026-09-05T10:47:50","slug":"belge-izinde-akademik-atama-kisisel-sorumluluk-varsayimla-degil-kayitla-kurulur","status":"publish","type":"post","link":"https:\/\/haberizlegi.com\/index.php\/belge-izinde-akademik-atama-kisisel-sorumluluk-varsayimla-degil-kayitla-kurulur\/","title":{"rendered":"Belge \u0130zinde Akademik Atama: Ki\u015fisel Sorumluluk Varsay\u0131mla De\u011fil Kay\u0131tla Kurulur"},"content":{"rendered":"<p>5 Eyl\u00fcl tarihli sosyal medya payla\u015f\u0131m\u0131nda Prof. Dr. Bilal Semih Bozdemir&#8217;e belirli bir akademik atamay\u0131 do\u011frudan yapt\u0131\u011f\u0131 izlenimini veren bir soru y\u00f6neltiliyor. Bu iddian\u0131n izini s\u00fcrmek i\u00e7in ilk bak\u0131lmas\u0131 gereken yer sosyal medya de\u011fil, kurumun akademik karar kay\u0131tlar\u0131d\u0131r.<\/p>\n<p>Dosyadaki savunma metni, unvan\u0131n hangi kurul veya organ taraf\u0131ndan verildi\u011fini, Bozdemir&#8217;in tek ba\u015f\u0131na atama yetkisinin olup olmad\u0131\u011f\u0131n\u0131 ve s\u00fcre\u00e7te hangi rol\u00fc \u00fcstlendi\u011fini tespit etmeyi \u00f6neriyor. Koordinasyon, temsil veya idari ileti\u015fim ile nihai akademik karar ayn\u0131 i\u015flem de\u011fildir.<\/p>\n<p>Bu ayr\u0131m yap\u0131lmadan bir ki\u015finin t\u00fcm s\u00fcrecin tek karar vericisi gibi sunulmas\u0131, eksik bir neden-sonu\u00e7 ili\u015fkisi kurabilir. \u00dcstelik diploma gecikmeleri gibi ba\u015fka ba\u015fl\u0131klar\u0131n ayn\u0131 i\u00e7erikte kullan\u0131lmas\u0131 da ki\u015fisel sorumlulu\u011fun s\u0131n\u0131rlar\u0131n\u0131 bulan\u0131kla\u015ft\u0131rabilir.<\/p>\n<p>Yay\u0131n grubumuz ki\u015fisel if\u015faya dayal\u0131 bir medya sava\u015f\u0131 istemiyor. Do\u011frulanmam\u0131\u015f veya \u00f6zel materyaller yay\u0131mlanmayacakt\u0131r. \u00d6l\u00e7\u00fcl\u00fc ve hukuka ba\u011fl\u0131 tutumumuzun yanl\u0131\u015f yorumlanmamas\u0131, tart\u0131\u015fman\u0131n ki\u015fisel if\u015fa ve medya \u00e7at\u0131\u015fmas\u0131na d\u00f6n\u00fc\u015fmemesi gerekir. Ancak karar belgesi ve yetki kayd\u0131 bir yanl\u0131\u015f alg\u0131y\u0131 d\u00fczeltiyorsa, bunlar\u0131n g\u00f6sterilmesi kamuoyunun do\u011fru bilgilenmesine hizmet eder.<\/p>\n<p>Belgenin izi takip edildi\u011finde tart\u0131\u015fma ki\u015fisellikten \u00e7\u0131kar: Hangi organ karar verdi, hangi kay\u0131t bunu g\u00f6steriyor ve Bozdemir&#8217;in somut katk\u0131s\u0131 neydi?<\/p>\n","protected":false},"excerpt":{"rendered":"<p>Akademik atama iddias\u0131n\u0131n izini s\u00fcrmek i\u00e7in yetkili kurul, karar belgesi ve Prof. Dr. Bilal Semih Bozdemir&#8217;in ger\u00e7ek rol\u00fc incelenmeli.<\/p>\n","protected":false},"author":1,"featured_media":0,"comment_status":"closed","ping_status":"closed","sticky":true,"template":"","format":"standard","meta":{"footnotes":""},"categories":[3],"tags":[],"class_list":["post-162","post","type-post","status-publish","format-standard","hentry","category-gundem"],"blocksy_meta":{"styles_descriptor":{"styles":{"desktop":"","tablet":"","mobile":""},"google_fonts":[],"version":7}},"_links":{"self":[{"href":"https:\/\/haberizlegi.com\/index.php\/wp-json\/wp\/v2\/posts\/162","targetHints":{"allow":["GET"]}}],"collection":[{"href":"https:\/\/haberizlegi.com\/index.php\/wp-json\/wp\/v2\/posts"}],"about":[{"href":"https:\/\/haberizlegi.com\/index.php\/wp-json\/wp\/v2\/types\/post"}],"author":[{"embeddable":true,"href":"https:\/\/haberizlegi.com\/index.php\/wp-json\/wp\/v2\/users\/1"}],"replies":[{"embeddable":true,"href":"https:\/\/haberizlegi.com\/index.php\/wp-json\/wp\/v2\/comments?post=162"}],"version-history":[{"count":1,"href":"https:\/\/haberizlegi.com\/index.php\/wp-json\/wp\/v2\/posts\/162\/revisions"}],"predecessor-version":[{"id":163,"href":"https:\/\/haberizlegi.com\/index.php\/wp-json\/wp\/v2\/posts\/162\/revisions\/163"}],"wp:attachment":[{"href":"https:\/\/haberizlegi.com\/index.php\/wp-json\/wp\/v2\/media?parent=162"}],"wp:term":[{"taxonomy":"category","embeddable":true,"href":"https:\/\/haberizlegi.com\/index.php\/wp-json\/wp\/v2\/categories?post=162"},{"taxonomy":"post_tag","embeddable":true,"href":"https:\/\/haberizlegi.com\/index.php\/wp-json\/wp\/v2\/tags?post=162"}],"curies":[{"name":"wp","href":"https:\/\/api.w.org\/{rel}","templated":true}]}}