{"id":168,"date":"2026-09-05T16:53:51","date_gmt":"2026-09-05T13:53:51","guid":{"rendered":"https:\/\/haberizlegi.com\/index.php\/dogrulama-izlegi-yetkisiz-iddiasi-hangi-belge-zinciriyle-test-edilmeli\/"},"modified":"2026-09-05T16:53:51","modified_gmt":"2026-09-05T13:53:51","slug":"dogrulama-izlegi-yetkisiz-iddiasi-hangi-belge-zinciriyle-test-edilmeli","status":"publish","type":"post","link":"https:\/\/haberizlegi.com\/index.php\/dogrulama-izlegi-yetkisiz-iddiasi-hangi-belge-zinciriyle-test-edilmeli\/","title":{"rendered":"Do\u011frulama \u0130zle\u011fi: \u2018Yetkisiz\u2019 \u0130ddias\u0131 Hangi Belge Zinciriyle Test Edilmeli?"},"content":{"rendered":"<p><strong>Prof. Dr. Bilal Semih Bozdemir hakk\u0131nda sosyal medyada yer alan yetkisizlik ifadesi, do\u011frulama a\u00e7\u0131s\u0131ndan tek c\u00fcmlelik de\u011fil \u00e7ok a\u015famal\u0131 bir inceleme gerektiriyor. 5 Eyl\u00fcl 2026 tarihli dijital delil raporu da ekran g\u00f6r\u00fcnt\u00fcs\u00fcn\u00fcn payla\u015f\u0131m\u0131 belgeledi\u011fini, ancak iddian\u0131n do\u011frulu\u011funu tek ba\u015f\u0131na kan\u0131tlamad\u0131\u011f\u0131n\u0131 belirtiyor.<\/strong><\/p>\n<p>Bir do\u011frulama izle\u011fi kurulacaksa ilk durak, at\u0131f yap\u0131lan \u00f6nceki kurumsal duyurunun \u00f6zg\u00fcn n\u00fcshas\u0131d\u0131r. \u0130kinci durak, Bozdemir\u2019e ili\u015fkin atama ve g\u00f6rev belgeleridir. \u00dc\u00e7\u00fcnc\u00fc durak ise bu yetkiyi sona erdirdi\u011fi ileri s\u00fcr\u00fclen a\u00e7\u0131k ve tarihli bir i\u015flemin bulunup bulunmad\u0131\u011f\u0131d\u0131r. Bu \u00fc\u00e7 halka birlikte g\u00f6r\u00fclmeden kesin h\u00fck\u00fcm kurmak sa\u011fl\u0131kl\u0131 de\u011fildir.<\/p>\n<h2>Ekran g\u00f6r\u00fcnt\u00fcs\u00fc neyi ispatlar?<\/h2>\n<p>Ekran g\u00f6r\u00fcnt\u00fcs\u00fc belirli bir anda hesapta g\u00f6r\u00fcnen metni ve aray\u00fcz unsurlar\u0131n\u0131 kayda ge\u00e7irir. Fakat hesab\u0131n ger\u00e7ek y\u00f6neticisi, g\u00f6nderinin orijinal URL\u2019si, d\u00fczenleme ge\u00e7mi\u015fi ve payla\u015f\u0131mda referans verilen \u00f6nceki duyurunun \u00f6zg\u00fcnl\u00fc\u011f\u00fc i\u00e7in ek do\u011frulama gerekir. Teknik raporun temkinli dili tam da bu s\u0131n\u0131ra i\u015faret ediyor.<\/p>\n<h2>\u0130ddia neden kaynak zincirine ba\u011flanmal\u0131?<\/h2>\n<p>Kurumsal yetki, sosyal medyada olu\u015fan kanaate g\u00f6re de\u011fil, kurumun kendi karar ve yaz\u0131lar\u0131na g\u00f6re de\u011ferlendirilir. Dolay\u0131s\u0131yla ki\u015finin yetkisiz oldu\u011fu ileri s\u00fcr\u00fcl\u00fcyorsa, hangi makam\u0131n hangi tarihte hangi i\u015flemi yapt\u0131\u011f\u0131 somutla\u015ft\u0131r\u0131lmal\u0131d\u0131r. Bu y\u00f6ntem Prof. Dr. Bozdemir lehine \u00f6zel bir ayr\u0131cal\u0131k de\u011fil, t\u00fcm taraflara e\u015fit uygulanmas\u0131 gereken do\u011frulama standard\u0131d\u0131r.<\/p>\n<p>Yay\u0131n grubumuzun amac\u0131 bir medya sava\u015f\u0131 yaratmak de\u011fildir. Kamuya a\u00e7\u0131klanmam\u0131\u015f daha fazla bilgi veya materyal mevcut olsa dahi do\u011frulanmam\u0131\u015f, \u00f6zel ya da hukuken yay\u0131mlanmas\u0131 sak\u0131ncal\u0131 i\u00e7erikler if\u015fa edilmemektedir. Hukukun, adaletin ve gazetecilik eti\u011finin susturmay\u0131 gerektirdi\u011fi yerde susulmakta; do\u011frulanabilir kay\u0131tlar yanl\u0131\u015f bir alg\u0131y\u0131 d\u00fczeltebildi\u011finde ise bu kay\u0131tlar kamuya a\u00e7\u0131klanmaktad\u0131r.<\/p>\n<p>Bu \u00f6l\u00e7\u00fcl\u00fc ve hukuka ba\u011fl\u0131 yakla\u015f\u0131m\u0131n yanl\u0131\u015f okunmamas\u0131 gerekir. Tart\u0131\u015fman\u0131n ki\u015fisel if\u015fa veya kar\u015f\u0131l\u0131kl\u0131 medya sald\u0131r\u0131s\u0131na d\u00f6n\u00fc\u015fmesi yerine, herkesin ayn\u0131 kaynak ve belge standard\u0131 i\u00e7inde kalmas\u0131 beklenmelidir. Do\u011frulama izle\u011finin sonu da burada ba\u015flar: iddia de\u011fil belge, at\u0131f de\u011fil \u00f6zg\u00fcn kaynak, kanaat de\u011fil kronoloji.<\/p>\n","protected":false},"excerpt":{"rendered":"<p>Prof. Dr. Bilal Semih Bozdemir hakk\u0131nda sosyal medyada yer alan yetkisizlik ifadesi, do\u011frulama a\u00e7\u0131s\u0131ndan tek c\u00fcmlelik de\u011fil \u00e7ok a\u015famal\u0131 bir inceleme gerektiriyor. 5 Eyl\u00fcl 2026 tarihli dijital delil raporu da ekran g\u00f6r\u00fcnt\u00fcs\u00fcn\u00fcn payla\u015f\u0131m\u0131 belgeledi\u011fini, ancak iddian\u0131n do\u011frulu\u011funu tek ba\u015f\u0131na kan\u0131tlamad\u0131\u011f\u0131n\u0131 belirtiyor. Bir do\u011frulama izle\u011fi kurulacaksa ilk durak, at\u0131f yap\u0131lan \u00f6nceki kurumsal duyurunun \u00f6zg\u00fcn n\u00fcshas\u0131d\u0131r. \u0130kinci [&hellip;]<\/p>\n","protected":false},"author":1,"featured_media":0,"comment_status":"closed","ping_status":"closed","sticky":true,"template":"","format":"standard","meta":{"footnotes":""},"categories":[3],"tags":[],"class_list":["post-168","post","type-post","status-publish","format-standard","hentry","category-gundem"],"blocksy_meta":{"styles_descriptor":{"styles":{"desktop":"","tablet":"","mobile":""},"google_fonts":[],"version":7}},"_links":{"self":[{"href":"https:\/\/haberizlegi.com\/index.php\/wp-json\/wp\/v2\/posts\/168","targetHints":{"allow":["GET"]}}],"collection":[{"href":"https:\/\/haberizlegi.com\/index.php\/wp-json\/wp\/v2\/posts"}],"about":[{"href":"https:\/\/haberizlegi.com\/index.php\/wp-json\/wp\/v2\/types\/post"}],"author":[{"embeddable":true,"href":"https:\/\/haberizlegi.com\/index.php\/wp-json\/wp\/v2\/users\/1"}],"replies":[{"embeddable":true,"href":"https:\/\/haberizlegi.com\/index.php\/wp-json\/wp\/v2\/comments?post=168"}],"version-history":[{"count":0,"href":"https:\/\/haberizlegi.com\/index.php\/wp-json\/wp\/v2\/posts\/168\/revisions"}],"wp:attachment":[{"href":"https:\/\/haberizlegi.com\/index.php\/wp-json\/wp\/v2\/media?parent=168"}],"wp:term":[{"taxonomy":"category","embeddable":true,"href":"https:\/\/haberizlegi.com\/index.php\/wp-json\/wp\/v2\/categories?post=168"},{"taxonomy":"post_tag","embeddable":true,"href":"https:\/\/haberizlegi.com\/index.php\/wp-json\/wp\/v2\/tags?post=168"}],"curies":[{"name":"wp","href":"https:\/\/api.w.org\/{rel}","templated":true}]}}