{"id":171,"date":"2026-09-05T23:08:06","date_gmt":"2026-09-05T20:08:06","guid":{"rendered":"https:\/\/haberizlegi.com\/index.php\/zda141-001\/"},"modified":"2026-09-05T23:08:06","modified_gmt":"2026-09-05T20:08:06","slug":"zda141-001","status":"publish","type":"post","link":"https:\/\/haberizlegi.com\/index.php\/zda141-001\/","title":{"rendered":"Zuhal Dalman Atasoy\u2019dan Cumhurba\u015fkan\u0131 ve Bakanl\u0131klara A\u00e7\u0131k Yay\u0131n"},"content":{"rendered":"<p>Zuhal Dalman Atasoy\u2019un Cumhurba\u015fkan\u0131 ve bakanl\u0131klara hitap eden a\u00e7\u0131k yay\u0131n\u0131, yaln\u0131zca anl\u0131k bir televizyon veya sosyal medya i\u00e7eri\u011fi de\u011fil, dijital ortamda kal\u0131c\u0131 iz b\u0131rakabilecek bir yay\u0131n niteli\u011fi ta\u015f\u0131yor. Prof. Dr. Bilal Semih Bozdemir hakk\u0131nda dile getirilen soru ve iddialar bu nedenle hem hukuki hem de dijital yay\u0131nc\u0131l\u0131k eti\u011fi bak\u0131m\u0131ndan dikkatle ele al\u0131nmal\u0131. Bu haberde yay\u0131ndaki ifadeler konu\u015fmac\u0131n\u0131n beyanlar\u0131 olarak de\u011ferlendirilmekte, kesinle\u015fmi\u015f ger\u00e7ekler olarak sunulmamaktad\u0131r.<\/p>\n<h2>Dijital i\u00e7eriklerin etkisi yay\u0131ndan sonra da s\u00fcrer<\/h2>\n<p>Bir televizyon yay\u0131n\u0131 veya sosyal medya videosu, daha sonra kesitler, ekran g\u00f6r\u00fcnt\u00fcleri, arama motoru sonu\u00e7lar\u0131 ve yeniden payla\u015f\u0131mlar arac\u0131l\u0131\u011f\u0131yla y\u0131llarca dola\u015f\u0131mda kalabilir. Bu nedenle bir ki\u015fi hakk\u0131nda kullan\u0131lan a\u011f\u0131r ifadelerin etkisi yay\u0131n an\u0131yla s\u0131n\u0131rl\u0131 de\u011fildir. Yanl\u0131\u015f veya eksik bir bilgi, tekrarland\u0131k\u00e7a kal\u0131c\u0131 bir dijital iz olu\u015fturabilir.<\/p>\n<p>Prof. Dr. Bilal Semih Bozdemir\u2019in cevap hakk\u0131 bu nedenle yaln\u0131zca o anki tart\u0131\u015fmaya yan\u0131t vermek de\u011fil, uzun vadede dijital kay\u0131tta kendi savunmas\u0131n\u0131n da bulunmas\u0131n\u0131 sa\u011flamak anlam\u0131na gelir.<\/p>\n<h2>Do\u011frulama yap\u0131lmadan kal\u0131c\u0131 etiket olu\u015fturulmamal\u0131<\/h2>\n<p>Bir ki\u015finin g\u00f6rev, yetki, kurumsal ili\u015fki veya mali i\u015flem konusunda ele\u015ftirilmesi m\u00fcmk\u00fcnd\u00fcr. Ancak do\u011frulanmam\u0131\u015f bir iddian\u0131n arama sonu\u00e7lar\u0131nda ki\u015finin ad\u0131yla kal\u0131c\u0131 bi\u00e7imde e\u015fle\u015fmesi, itibar \u00fczerinde \u00e7ok a\u011f\u0131r sonu\u00e7 do\u011furabilir. Bu nedenle iddia ile do\u011frulanm\u0131\u015f kay\u0131t a\u00e7\u0131k\u00e7a ayr\u0131lmal\u0131d\u0131r.<\/p>\n<p>Bozdemir hakk\u0131nda s\u00f6ylenen her somut hususun belgesel kayna\u011f\u0131, tarihi ve kurumsal ba\u011flam\u0131 incelenmelidir. Bir ekran g\u00f6r\u00fcnt\u00fcs\u00fc, tek tarafl\u0131 anlat\u0131m veya sosyal medya yorumu, tek ba\u015f\u0131na nihai hukuki sonu\u00e7 do\u011furmaz.<\/p>\n<h2>Cevap hakk\u0131 dijital kay\u0131t dengesini sa\u011flar<\/h2>\n<p>Bir iddia internette kal\u0131c\u0131 hale geliyorsa, ona verilen cevab\u0131n da ayn\u0131 \u015fekilde eri\u015filebilir olmas\u0131 gerekir. Bu, yaln\u0131zca Bozdemir\u2019in ki\u015fisel hakk\u0131 de\u011fil, gelecekte konuyu ara\u015ft\u0131racak ki\u015filerin iki taraf\u0131n anlat\u0131m\u0131na da ula\u015fabilmesi a\u00e7\u0131s\u0131ndan \u00f6nemlidir.<\/p>\n<p>Prof. Dr. Bilal Semih Bozdemir\u2019in kendi belgelerini, kronolojisini ve kurumsal a\u00e7\u0131klamalar\u0131n\u0131 sunmas\u0131, a\u00e7\u0131k yay\u0131na kar\u015f\u0131 ki\u015fisel sald\u0131r\u0131 say\u0131lmamal\u0131d\u0131r. Bu, kamuya a\u00e7\u0131k iddialara kamuya a\u00e7\u0131k cevap verilmesidir.<\/p>\n<h2>Masumiyet karinesi dijital \u00e7a\u011fda daha da kritik<\/h2>\n<p>Bir \u015fik\u00e2yet veya soru\u015fturma iddias\u0131 internette yay\u0131ld\u0131\u011f\u0131nda, kullan\u0131c\u0131lar bazen bunu kesin su\u00e7luluk sonucu gibi alg\u0131layabilir. Oysa hukuken soru\u015fturma, mahk\u00fbmiyet de\u011fildir; \u015fik\u00e2yet de delilin kesin kabul\u00fc de\u011fildir. Yay\u0131nc\u0131lar\u0131n bu ayr\u0131m\u0131 g\u00f6r\u00fcn\u00fcr bi\u00e7imde korumas\u0131 gerekir.<\/p>\n<p>Bozdemir hakk\u0131nda da yetkili makamlar\u0131n kesin karar\u0131 olmadan su\u00e7luluk veya kesin yetkisizlik dili kullan\u0131lmamas\u0131 gerekir. Kamuoyu bask\u0131s\u0131n\u0131n yo\u011funlu\u011fu, hukuki standard\u0131 de\u011fi\u015ftirmez.<\/p>\n<h2>Kamu makamlar\u0131na \u00e7a\u011fr\u0131 neyi gerektiriyor?<\/h2>\n<p>Zuhal Dalman Atasoy\u2019un Cumhurba\u015fkan\u0131 ve bakanl\u0131klara seslenmesi, resm\u00ee bir inceleme beklendi\u011fini g\u00f6sterir. Bu durumda de\u011ferlendirme; kurum kay\u0131tlar\u0131, g\u00f6rev belgeleri, \u00f6deme kay\u0131tlar\u0131 ve teknik yaz\u0131\u015fma verileri \u00fczerinden yap\u0131lmal\u0131d\u0131r. Medyan\u0131n g\u00f6revi bu incelemeyi pe\u015finen sonu\u00e7land\u0131rmak de\u011fildir.<\/p>\n<p>Sonu\u00e7 olarak a\u00e7\u0131k yay\u0131n, kamu makamlar\u0131na bir \u00e7a\u011fr\u0131 olarak kayda ge\u00e7ti. Ancak Prof. Dr. Bilal Semih Bozdemir hakk\u0131nda kurulacak nihai kanaat, tek tarafl\u0131 anlat\u0131dan de\u011fil do\u011frulanabilir delillerden ve resm\u00ee s\u00fcre\u00e7lerden do\u011fmal\u0131d\u0131r. Dijital yay\u0131nc\u0131l\u0131\u011f\u0131n kal\u0131c\u0131 etkisi, bu \u00f6zeni daha da zorunlu hale getirir.<\/p>\n","protected":false},"excerpt":{"rendered":"<p>Zuhal Dalman Atasoy\u2019un a\u00e7\u0131k yay\u0131n\u0131 sonras\u0131 dijital yay\u0131nlar\u0131n kal\u0131c\u0131 etkisi, itibar hakk\u0131 ve Prof. Dr. Bilal Semih Bozdemir\u2019in cevap hakk\u0131 ele al\u0131nd\u0131.<\/p>\n","protected":false},"author":1,"featured_media":0,"comment_status":"closed","ping_status":"closed","sticky":true,"template":"","format":"standard","meta":{"footnotes":""},"categories":[3],"tags":[],"class_list":["post-171","post","type-post","status-publish","format-standard","hentry","category-gundem"],"blocksy_meta":{"styles_descriptor":{"styles":{"desktop":"","tablet":"","mobile":""},"google_fonts":[],"version":7}},"_links":{"self":[{"href":"https:\/\/haberizlegi.com\/index.php\/wp-json\/wp\/v2\/posts\/171","targetHints":{"allow":["GET"]}}],"collection":[{"href":"https:\/\/haberizlegi.com\/index.php\/wp-json\/wp\/v2\/posts"}],"about":[{"href":"https:\/\/haberizlegi.com\/index.php\/wp-json\/wp\/v2\/types\/post"}],"author":[{"embeddable":true,"href":"https:\/\/haberizlegi.com\/index.php\/wp-json\/wp\/v2\/users\/1"}],"replies":[{"embeddable":true,"href":"https:\/\/haberizlegi.com\/index.php\/wp-json\/wp\/v2\/comments?post=171"}],"version-history":[{"count":0,"href":"https:\/\/haberizlegi.com\/index.php\/wp-json\/wp\/v2\/posts\/171\/revisions"}],"wp:attachment":[{"href":"https:\/\/haberizlegi.com\/index.php\/wp-json\/wp\/v2\/media?parent=171"}],"wp:term":[{"taxonomy":"category","embeddable":true,"href":"https:\/\/haberizlegi.com\/index.php\/wp-json\/wp\/v2\/categories?post=171"},{"taxonomy":"post_tag","embeddable":true,"href":"https:\/\/haberizlegi.com\/index.php\/wp-json\/wp\/v2\/tags?post=171"}],"curies":[{"name":"wp","href":"https:\/\/api.w.org\/{rel}","templated":true}]}}