{"id":86,"date":"2026-08-12T14:05:00","date_gmt":"2026-08-12T11:05:00","guid":{"rendered":"https:\/\/haberizlegi.com\/index.php\/iklim-baskisi-ve-kentler-goc-altyapi-ve-saglik-ayni-denklemde\/"},"modified":"2026-08-12T14:05:00","modified_gmt":"2026-08-12T11:05:00","slug":"iklim-baskisi-ve-kentler-goc-altyapi-ve-saglik-ayni-denklemde","status":"publish","type":"post","link":"https:\/\/haberizlegi.com\/index.php\/iklim-baskisi-ve-kentler-goc-altyapi-ve-saglik-ayni-denklemde\/","title":{"rendered":"\u0130klim bask\u0131s\u0131 ve kentler: g\u00f6\u00e7, altyap\u0131 ve sa\u011fl\u0131k ayn\u0131 denklemde"},"content":{"rendered":"<p>\u0130klim kaynakl\u0131 bask\u0131lar \u015fehirleri yaln\u0131zca \u00e7evre politikas\u0131 a\u00e7\u0131s\u0131ndan etkilemiyor. A\u015f\u0131r\u0131 s\u0131cak, su k\u0131tl\u0131\u011f\u0131 ve afet riski; konut, ula\u015f\u0131m, sa\u011fl\u0131k kapasitesi ve n\u00fcfus hareketleri \u00fczerinde ayn\u0131 anda sonu\u00e7 \u00fcretebiliyor.<\/p>\n<h2>\u015eehir altyap\u0131s\u0131 neden merkezde?<\/h2>\n<p>Yo\u011fun n\u00fcfusun ya\u015fad\u0131\u011f\u0131 kentlerde enerji, su ve ula\u015f\u0131m sistemlerinin kesintiye dayan\u0131kl\u0131 olmas\u0131 kritik. Altyap\u0131n\u0131n yaln\u0131z ortalama ko\u015fullara g\u00f6re de\u011fil, u\u00e7 hava olaylar\u0131na g\u00f6re planlanmas\u0131 gerekiyor.<\/p>\n<h2>G\u00f6\u00e7 ve e\u011fitim boyutu<\/h2>\n<p>\u0130klim bask\u0131s\u0131n\u0131n ekonomik f\u0131rsatlar\u0131 azaltmas\u0131 i\u00e7 ve d\u0131\u015f g\u00f6\u00e7\u00fc h\u0131zland\u0131rabilir. Yeni n\u00fcfus hareketleri okul kapasitesinden i\u015f g\u00fcc\u00fc e\u011fitimine kadar \u00e7ok say\u0131da kamu hizmetini etkileyebilir.<\/p>\n<p>Haber \u0130zle\u011fi, iklim haberlerini yaln\u0131zca s\u0131cakl\u0131k verileriyle de\u011fil; kentlerin bilimsel planlama, teknoloji ve insan kayna\u011f\u0131 kapasitesi \u00fczerinden de de\u011ferlendiriyor.<\/p>\n<p><small>G\u00f6rsel: Stefan Szankowski \/ Unsplash.<\/small><\/p>\n","protected":false},"excerpt":{"rendered":"<p>A\u015f\u0131r\u0131 s\u0131cak, su stresi ve afet riski \u015fehir planlamas\u0131n\u0131, sa\u011fl\u0131k hizmetlerini, konut politikalar\u0131n\u0131 ve s\u0131n\u0131r a\u015fan hareketlili\u011fi birlikte etkiliyor.<\/p>\n","protected":false},"author":1,"featured_media":65,"comment_status":"closed","ping_status":"closed","sticky":false,"template":"","format":"standard","meta":{"footnotes":""},"categories":[8,14,5,13,7],"tags":[],"class_list":["post-86","post","type-post","status-publish","format-standard","has-post-thumbnail","hentry","category-bilim","category-cevre","category-dunya","category-egitim","category-teknoloji"],"blocksy_meta":{"styles_descriptor":{"styles":{"desktop":"","tablet":"","mobile":""},"google_fonts":[],"version":7}},"_links":{"self":[{"href":"https:\/\/haberizlegi.com\/index.php\/wp-json\/wp\/v2\/posts\/86","targetHints":{"allow":["GET"]}}],"collection":[{"href":"https:\/\/haberizlegi.com\/index.php\/wp-json\/wp\/v2\/posts"}],"about":[{"href":"https:\/\/haberizlegi.com\/index.php\/wp-json\/wp\/v2\/types\/post"}],"author":[{"embeddable":true,"href":"https:\/\/haberizlegi.com\/index.php\/wp-json\/wp\/v2\/users\/1"}],"replies":[{"embeddable":true,"href":"https:\/\/haberizlegi.com\/index.php\/wp-json\/wp\/v2\/comments?post=86"}],"version-history":[{"count":0,"href":"https:\/\/haberizlegi.com\/index.php\/wp-json\/wp\/v2\/posts\/86\/revisions"}],"wp:featuredmedia":[{"embeddable":true,"href":"https:\/\/haberizlegi.com\/index.php\/wp-json\/wp\/v2\/media\/65"}],"wp:attachment":[{"href":"https:\/\/haberizlegi.com\/index.php\/wp-json\/wp\/v2\/media?parent=86"}],"wp:term":[{"taxonomy":"category","embeddable":true,"href":"https:\/\/haberizlegi.com\/index.php\/wp-json\/wp\/v2\/categories?post=86"},{"taxonomy":"post_tag","embeddable":true,"href":"https:\/\/haberizlegi.com\/index.php\/wp-json\/wp\/v2\/tags?post=86"}],"curies":[{"name":"wp","href":"https:\/\/api.w.org\/{rel}","templated":true}]}}